{"id":3595,"date":"2019-09-15T11:16:44","date_gmt":"2019-09-15T09:16:44","guid":{"rendered":"https:\/\/www.oftal.org\/acquiterme\/2019\/09\/15\/mons-de-scalzi-qui-il-servizio-principale-e-lascolto\/"},"modified":"2019-09-15T11:16:44","modified_gmt":"2019-09-15T09:16:44","slug":"mons-de-scalzi-qui-il-servizio-principale-e-lascolto","status":"publish","type":"post","link":"https:\/\/www.oftal.org\/alessandria\/2019\/09\/15\/mons-de-scalzi-qui-il-servizio-principale-e-lascolto\/","title":{"rendered":"Mons. DE SCALZI: &#8220;Qui il servizio principale \u00e8 l&#8217;ASCOLTO&#8221;"},"content":{"rendered":"<p>Durante il Pellegrinaggio a Lourdes con la sezione di Milano, Mons. De Scalzi, si \u00e8 concesso a una breve intervista.<br \/>\nAscolto, serenit\u00e0 e Fede, alcuni dei temi toccati.<\/p>\n<div>Buona lettura!<\/div>\n<div><\/div>\n<div>di Gabriele Giannetti<\/div>\n<p>&nbsp;<\/p>\n<p><b><span style=\"color: #336699;font-family: verdana;font-size: small\">Sua Eccellenza, anzitutto, cosa vuol dire venire in pellegrinaggio a Lourdes? <\/span><\/b><\/p>\n<p><span class=\"s1\"><b>\u00ab<\/b><span style=\"color: #000000;font-family: verdana;font-size: small\">Venire a Lourdes vuol dire sentire il richiamo di Maria che ci ha detto &#8220;<i>Fate quello che vi dir\u00e0<\/i>&#8220;. A Lourdes, l&#8217;eucarestia \u00e8 al centro come Ges\u00f9 lo \u00e8 per Maria. Qui ci si ricorda che la vita ha avuto un inizio affettuoso in Dio e morire vuol dire tornare alla casa del Padre ed sentirsi attesi. Sentirsi attesi come ci si sente attesi quando si torna a casa dalla propria famiglia.\u00a0<\/span><\/span><b>\u00bb<\/b><\/p>\n<div>\n<div>\n<div><span style=\"font-family: verdana;font-size: small;color: #336699\"><b>Che\u00a0 valore ha il servizio da parte dei volontari dell&#8217;OFTAL?\u00a0<\/b><\/span><\/div>\n<div>\n<p><span class=\"s1\"><b>\u00ab<\/b><span style=\"color: #000000\">Qui il servizio principale \u00e8 l&#8217;ascolto. Ascoltare gli ammalati, coloro che hanno da raccontare tanto della propria vita. Il saper ascoltare, anche per parecchio tempo \u00e8 una capacit\u00e0 che si sta via via perdendo. Davanti a questa loro apertura molto meglio il silenzio che pronunciare parole vuote.\u00a0<\/span><\/span><b>\u00bb<\/b><\/p>\n<p><span style=\"font-family: verdana;font-size: small\"><strong><span style=\"color: #336699\">Che messaggio lancia la presenza dell&#8217;OFTAL nel territorio di Milano, che valori promuove?\u00a0<\/span><\/strong><\/span><\/p>\n<p><strong>\u00ab<\/strong>Anzitutto l&#8217;attenzione al malato. Il rimedio alla sofferenza anche interiore \u00e8 trovare accanto a se persone che ti vogliono bene. Pronunciare, a loro, le parole di Ges\u00f9 con molta umilt\u00e0 e Fede. A Lourdes, e l&#8217;OFTAL lo conferma, \u00e8 facile trovare persone col sorriso che fanno stare bene chiunque incontrano sul loro cammino.<b><span style=\"color: #222222;font-family: sans-serif\">\u00bb<\/span><\/b><\/p>\n<p><b><span style=\"color: #336699;font-family: verdana;font-size: small\">Che cosa la colpisce di pi\u00f9 di questo luogo scelto da Dio?<\/span><\/b><\/p>\n<\/div>\n<div><b>\u00ab<\/b><span style=\"font-family: verdana;font-size: small\">Tre cose: la pace, la serenit\u00e0 e il verde. Lourdes \u00e8 un luogo riposante. Mi colpisce sempre il volto delle mamme durante la benedizione eucaristica. Quel volto che sembra voler sentirsi dire &#8220;<i>alzati e cammina<\/i>&#8220;<\/span><b><b>\u00bb.<\/b><\/b><br \/>\n<span style=\"color: #336699;font-family: verdana;font-size: small\"><br \/>\n<strong>Un augurio e un saluto a chi ci legger\u00e0?<\/strong><\/span><\/div>\n<div><b>\u00ab<\/b><span style=\"font-family: verdana;font-size: small\">A tutti voglio dire venite in pellegrinaggio a Lourdes, perch\u00e9 qui toccate veramente con mano quello che sente spesso dire: &#8220;<i>C&#8217;\u00e8 pi\u00f9 gioia nel dare che nel ricevere<\/i>&#8220;. A presto!<\/span><b>\u00bb<\/b><\/div>\n<\/div>\n<\/div>\n<div>[su_spacer]<\/div>\n","protected":false},"excerpt":{"rendered":"<div class=\"mh-excerpt\"><p>Durante il Pellegrinaggio a Lourdes con la sezione di Milano, Mons. De Scalzi, si \u00e8 concesso a una breve intervista. Ascolto, serenit\u00e0 e Fede, alcuni dei temi toccati. Buona lettura! di Gabriele Giannetti &nbsp; Sua <a class=\"mh-excerpt-more\" href=\"https:\/\/www.oftal.org\/alessandria\/2019\/09\/15\/mons-de-scalzi-qui-il-servizio-principale-e-lascolto\/\" title=\"Mons. DE SCALZI: &#8220;Qui il servizio principale \u00e8 l&#8217;ASCOLTO&#8221;\">&#8230; [Continua la lettura]<\/a><\/p>\n<\/div>","protected":false},"author":2,"featured_media":3596,"comment_status":"open","ping_status":"open","sticky":false,"template":"","format":"standard","meta":{"ngg_post_thumbnail":0,"_jetpack_newsletter_access":"","_jetpack_dont_email_post_to_subs":false,"_jetpack_newsletter_tier_id":0,"_jetpack_memberships_contains_paywalled_content":false,"_jetpack_feature_clip_id":0,"_jetpack_memberships_contains_paid_content":false,"footnotes":"","jetpack_post_was_ever_published":false},"categories":[3],"tags":[],"class_list":["post-3595","post","type-post","status-publish","format-standard","has-post-thumbnail","category-generale"],"jetpack_sharing_enabled":true,"jetpack_featured_media_url":"https:\/\/www.oftal.org\/alessandria\/wp-content\/uploads\/sites\/10\/2021\/05\/mons_scalzi-scaled-1.jpg","_links":{"self":[{"href":"https:\/\/www.oftal.org\/alessandria\/wp-json\/wp\/v2\/posts\/3595","targetHints":{"allow":["GET"]}}],"collection":[{"href":"https:\/\/www.oftal.org\/alessandria\/wp-json\/wp\/v2\/posts"}],"about":[{"href":"https:\/\/www.oftal.org\/alessandria\/wp-json\/wp\/v2\/types\/post"}],"author":[{"embeddable":true,"href":"https:\/\/www.oftal.org\/alessandria\/wp-json\/wp\/v2\/users\/2"}],"replies":[{"embeddable":true,"href":"https:\/\/www.oftal.org\/alessandria\/wp-json\/wp\/v2\/comments?post=3595"}],"version-history":[{"count":0,"href":"https:\/\/www.oftal.org\/alessandria\/wp-json\/wp\/v2\/posts\/3595\/revisions"}],"wp:featuredmedia":[{"embeddable":true,"href":"https:\/\/www.oftal.org\/alessandria\/wp-json\/wp\/v2\/media\/3596"}],"wp:attachment":[{"href":"https:\/\/www.oftal.org\/alessandria\/wp-json\/wp\/v2\/media?parent=3595"}],"wp:term":[{"taxonomy":"category","embeddable":true,"href":"https:\/\/www.oftal.org\/alessandria\/wp-json\/wp\/v2\/categories?post=3595"},{"taxonomy":"post_tag","embeddable":true,"href":"https:\/\/www.oftal.org\/alessandria\/wp-json\/wp\/v2\/tags?post=3595"}],"curies":[{"name":"wp","href":"https:\/\/api.w.org\/{rel}","templated":true}]}}