{"id":3587,"date":"2019-10-09T10:46:59","date_gmt":"2019-10-09T08:46:59","guid":{"rendered":"https:\/\/www.oftal.org\/acquiterme\/2019\/10\/09\/i-giovanissimi-della-nostra-associazione-chi-sono\/"},"modified":"2019-10-09T10:46:59","modified_gmt":"2019-10-09T08:46:59","slug":"i-giovanissimi-della-nostra-associazione-chi-sono","status":"publish","type":"post","link":"https:\/\/www.oftal.org\/alessandria\/2019\/10\/09\/i-giovanissimi-della-nostra-associazione-chi-sono\/","title":{"rendered":"I &#8220;giovanissimi&#8221; della nostra associazione: chi sono?"},"content":{"rendered":"<p>Alcune sezioni li chiamano &#8220;Oftal Domani&#8221;, altre &#8220;Giovanissimi&#8221;, &#8220;Oftal young&#8221; oppure &#8220;Green car&#8221;. Stiamo parlando degli under 18 della nostra associazione! Ma chi sono?<\/p>\n<p>Stiamo parlando di ragazzi <b><span style=\"color: #336699\">al di sotto dei 18 anni<\/span><\/b>, solitamente studenti di terza e quarta superiore, che compiono una scelta non scontata e mai banale: <b><span style=\"color: #336699\">accompagnare ammalati in pellegrinaggio a Lourdes<\/span><\/b>. Nella maggior parte dei casi sono studenti di <b><span style=\"color: #336699\">scuole<\/span><\/b> che collaborano con noi e il servizio di volontariato a Lourdes rientra nei progetti scolastici dedicati. Altre volte, questi ragazzi vengono coinvolti dagli <b><span style=\"color: #336699\">oratori o dalle diocesi<\/span><\/b> sempre all&#8217;interno di progetti ad hoc <b><span style=\"color: #336699\">in collaborazione con OFTAL<\/span><\/b>, oppure, decidono di partire in\u00a0autonomia con un gruppo di amici. Data l&#8217;et\u00e0, il tipo di servizio che viene proposto e affidato tiene conto delle singole et\u00e0 e delle varie esigenze.<\/p>\n<div>\n<div>Che sia con un gruppo organizzato o individuale, tuttavia, questa esperienza risulta essere, per loro, molto forte. Quasi a voler significare la <b><span style=\"color: #336699\">scoperta di un qualcosa d&#8217;altro al di fuori della loro routine quotidiana<\/span><\/b>.<\/div>\n<div>Sentendo le loro testimonianze traspare nitidamente l&#8217;entusiasmo e lo stupore di essere partiti per la prima volta: &#8220;<i>Volevo dedicarmi agli altri ma non sapevo come<\/i> &#8211; ci racconta <b><span style=\"color: #336699\">Giulia<\/span><\/b>, dama di 17 anni &#8211; <i>ed essere venuta in pellegrinaggio a Lourdes mi ha fatto provare emozioni mai sentite prima<\/i>&#8220;. <b><span style=\"color: #336699\">Federico<\/span><\/b>, barelliere di 16, invece, appena prima di risalire sul pullman ci dice: &#8220;<i>\u00c8 stato fantastico! L&#8217;anno prossimo ci ritorno di sicuro!<\/i>&#8220;.Riguardo ai &#8220;perch\u00e9&#8221; di simili risposte, <b><span style=\"color: #336699\">Agnese<\/span><\/b>, classe 2001, ci spiega: &#8220;<i>La compagnia di noi ragazzi \u00e8 stupenda, il poter servire delle persone in difficolt\u00e0 per la prima volta e sentire i loro ringraziamenti nel renderli felici con poco \u00e8 bellissimo<\/i>&#8220;.<\/p>\n<p>Momenti di riflessione, come di svago, non mancano e il tutto rende questa <b><span style=\"color: #336699\">esperienza davvero unica e per molti sconvolgente.<\/span><\/b><\/p>\n<\/div>\n<\/div>\n<div><\/div>\n<div>A tutti, e quindi anche ai giovani studenti, rinnoviamo l&#8217;invito a partire con noi! Entra nel sito della sezione pi\u00f9 vicina a te e scopri come!<br \/>\n<b><span style=\"color: #336699\">Ti aspettiamo!<\/span><\/b><\/div>\n","protected":false},"excerpt":{"rendered":"<div class=\"mh-excerpt\"><p>Alcune sezioni li chiamano &#8220;Oftal Domani&#8221;, altre &#8220;Giovanissimi&#8221;, &#8220;Oftal young&#8221; oppure &#8220;Green car&#8221;. Stiamo parlando degli under 18 della nostra associazione! Ma chi sono? Stiamo parlando di ragazzi al di sotto dei 18 anni, solitamente <a class=\"mh-excerpt-more\" href=\"https:\/\/www.oftal.org\/alessandria\/2019\/10\/09\/i-giovanissimi-della-nostra-associazione-chi-sono\/\" title=\"I &#8220;giovanissimi&#8221; della nostra associazione: chi sono?\">&#8230; [Continua la lettura]<\/a><\/p>\n<\/div>","protected":false},"author":2,"featured_media":3588,"comment_status":"open","ping_status":"open","sticky":false,"template":"","format":"standard","meta":{"ngg_post_thumbnail":0,"_jetpack_newsletter_access":"","_jetpack_dont_email_post_to_subs":false,"_jetpack_newsletter_tier_id":0,"_jetpack_memberships_contains_paywalled_content":false,"_jetpack_feature_clip_id":0,"_jetpack_memberships_contains_paid_content":false,"footnotes":"","jetpack_post_was_ever_published":false},"categories":[3],"tags":[],"class_list":["post-3587","post","type-post","status-publish","format-standard","has-post-thumbnail","category-generale"],"jetpack_sharing_enabled":true,"jetpack_featured_media_url":"https:\/\/www.oftal.org\/alessandria\/wp-content\/uploads\/sites\/10\/2021\/05\/giovani.jpg","_links":{"self":[{"href":"https:\/\/www.oftal.org\/alessandria\/wp-json\/wp\/v2\/posts\/3587","targetHints":{"allow":["GET"]}}],"collection":[{"href":"https:\/\/www.oftal.org\/alessandria\/wp-json\/wp\/v2\/posts"}],"about":[{"href":"https:\/\/www.oftal.org\/alessandria\/wp-json\/wp\/v2\/types\/post"}],"author":[{"embeddable":true,"href":"https:\/\/www.oftal.org\/alessandria\/wp-json\/wp\/v2\/users\/2"}],"replies":[{"embeddable":true,"href":"https:\/\/www.oftal.org\/alessandria\/wp-json\/wp\/v2\/comments?post=3587"}],"version-history":[{"count":0,"href":"https:\/\/www.oftal.org\/alessandria\/wp-json\/wp\/v2\/posts\/3587\/revisions"}],"wp:featuredmedia":[{"embeddable":true,"href":"https:\/\/www.oftal.org\/alessandria\/wp-json\/wp\/v2\/media\/3588"}],"wp:attachment":[{"href":"https:\/\/www.oftal.org\/alessandria\/wp-json\/wp\/v2\/media?parent=3587"}],"wp:term":[{"taxonomy":"category","embeddable":true,"href":"https:\/\/www.oftal.org\/alessandria\/wp-json\/wp\/v2\/categories?post=3587"},{"taxonomy":"post_tag","embeddable":true,"href":"https:\/\/www.oftal.org\/alessandria\/wp-json\/wp\/v2\/tags?post=3587"}],"curies":[{"name":"wp","href":"https:\/\/api.w.org\/{rel}","templated":true}]}}