{"id":3577,"date":"2020-04-28T11:58:43","date_gmt":"2020-04-28T09:58:43","guid":{"rendered":"https:\/\/www.oftal.org\/acquiterme\/2020\/04\/28\/invito-alla-novena-di-mons-paolo-angelino\/"},"modified":"2020-04-28T11:58:43","modified_gmt":"2020-04-28T09:58:43","slug":"invito-alla-novena-di-mons-paolo-angelino","status":"publish","type":"post","link":"https:\/\/www.oftal.org\/alessandria\/2020\/04\/28\/invito-alla-novena-di-mons-paolo-angelino\/","title":{"rendered":"INVITO ALLA NOVENA di Mons. Paolo Angelino"},"content":{"rendered":"<p>Carissimi Oftaliani, sofferenti, dame, barellieri e pellegrini,<\/p>\n<p>facciamo nostro l\u2019invito che viene dal Santuario di&nbsp;<a href=\"https:\/\/www.facebook.com\/ndlourdes\/?__xts__%5B0%5D=68.ARBFY1zwgoOmza93gszKEa0IxwVe6DBPxvGIjrDlOTRC9W23WIym6o26T6oKrkS4QXY71ftdvYfUhbKveSWxDULzGb7SegAaCuBAQfItf217l3WPblmSeicXqMNOnPGBtJY5Sd1AZCzLfxFRn1-fTTDE1r-GU1HgulIZmqxPD7Rm98wx9LMGA32_J8c4d3Tjsqo-XFkdZb3ZJG-cU7MenOmSVfxXxWyKsgMKkded4FLpPc31iNb9TGEJM80DTM0gynO4W7pza_R4iqdn-BwQAU1I-4BaAh938MFPhS-Oh6rmh3nBRa2Bs10som1rFgafwS4fzhvaYL7v-dHfQpM&amp;__tn__=%2CdK%2AF-R&amp;eid=ARD9zyzDq8jQPkScBkZ6Y-fcLBs9rvBAaLI7nEwgLjnAY4fVWcarVFQaRic1qrWzhXbs7L8wMT-IpAmc\" data-hovercard=\"\/ajax\/hovercard\/page.php?id=39836403448&amp;extragetparams=%7B%22__tn__%22%3A%22%2CdK%2AF-R%22%2C%22eid%22%3A%22ARD9zyzDq8jQPkScBkZ6Y-fcLBs9rvBAaLI7nEwgLjnAY4fVWcarVFQaRic1qrWzhXbs7L8wMT-IpAmc%22%2C%22directed_target_id%22%3Anull%2C%22groups_location%22%3Anull%7D&amp;av=278197559733216&amp;eav=AfZ_05F4SfNstcGzAIRq_4gKUIyUeiJmMtBdWKdmV51ooJ3Y5LOjrW4QMScH_tGUmN8\" data-hovercard-prefer-more-content-show=\"1\">Lourdes<\/a>, ma sono sicuro che certamente<br \/>\ngi\u00e0 avete deciso di farlo, di unirci in preghiera in questa Novena che comincia oggi per domandare, alla S. Vergine Immacolata, la Sua potente intercessione presso il Figlio, affinch\u00e9 cessi nel mondo questo morbo nefasto. La Novena ci porter<span class=\"text_exposed_show\">\u00e0 alla Solennit\u00e0 dell\u2019Annunciazione del Signore del 25 marzo che, oltre a farci rivivere il Mistero dell\u2019Incarnazione della Seconda Persona della Santissima Trinit\u00e0, \u00e8 la sedicesima apparizione in cui, Nostra Signora, rivela a Bernadette la propria identit\u00e0: \u201cIo sono l\u2019Immacolata Concezione\u201d. Possiamo farlo con la recita quotidiana, alla Grotta, del S. Rosario delle ore 18 trasmesso da TV 2000. Possiamo anche collegarci sul sito del Santuario dove la preghiera alla Grotta di Massabielle, ripresa con le telecamere in continuazione, \u00e8 costante. Da parte mia vi assicuro il mio particolare ricordo nella S. Messa quotidiana che celebro nella Cappella della Sede centrale di Trino.<\/p>\n<p>Preghiamo vicendevolmente, un abbraccio a tutti.<br \/>\nCon affetto,<br \/>\nDon Paolo<\/span><\/p>\n","protected":false},"excerpt":{"rendered":"<div class=\"mh-excerpt\"><p>Carissimi Oftaliani, sofferenti, dame, barellieri e pellegrini, facciamo nostro l\u2019invito che viene dal Santuario di&nbsp;Lourdes, ma sono sicuro che certamente gi\u00e0 avete deciso di farlo, di unirci in preghiera in questa Novena che comincia oggi <a class=\"mh-excerpt-more\" href=\"https:\/\/www.oftal.org\/alessandria\/2020\/04\/28\/invito-alla-novena-di-mons-paolo-angelino\/\" title=\"INVITO ALLA NOVENA di Mons. Paolo Angelino\">&#8230; [Continua la lettura]<\/a><\/p>\n<\/div>","protected":false},"author":2,"featured_media":3578,"comment_status":"open","ping_status":"open","sticky":false,"template":"","format":"standard","meta":{"ngg_post_thumbnail":0,"_jetpack_newsletter_access":"","_jetpack_dont_email_post_to_subs":false,"_jetpack_newsletter_tier_id":0,"_jetpack_memberships_contains_paywalled_content":false,"_jetpack_feature_clip_id":0,"_jetpack_memberships_contains_paid_content":false,"footnotes":"","jetpack_post_was_ever_published":false},"categories":[3],"tags":[],"class_list":["post-3577","post","type-post","status-publish","format-standard","has-post-thumbnail","category-generale"],"jetpack_sharing_enabled":true,"jetpack_featured_media_url":"https:\/\/www.oftal.org\/alessandria\/wp-content\/uploads\/sites\/10\/2021\/05\/IMG_4112-scaled-1.jpg","_links":{"self":[{"href":"https:\/\/www.oftal.org\/alessandria\/wp-json\/wp\/v2\/posts\/3577","targetHints":{"allow":["GET"]}}],"collection":[{"href":"https:\/\/www.oftal.org\/alessandria\/wp-json\/wp\/v2\/posts"}],"about":[{"href":"https:\/\/www.oftal.org\/alessandria\/wp-json\/wp\/v2\/types\/post"}],"author":[{"embeddable":true,"href":"https:\/\/www.oftal.org\/alessandria\/wp-json\/wp\/v2\/users\/2"}],"replies":[{"embeddable":true,"href":"https:\/\/www.oftal.org\/alessandria\/wp-json\/wp\/v2\/comments?post=3577"}],"version-history":[{"count":0,"href":"https:\/\/www.oftal.org\/alessandria\/wp-json\/wp\/v2\/posts\/3577\/revisions"}],"wp:featuredmedia":[{"embeddable":true,"href":"https:\/\/www.oftal.org\/alessandria\/wp-json\/wp\/v2\/media\/3578"}],"wp:attachment":[{"href":"https:\/\/www.oftal.org\/alessandria\/wp-json\/wp\/v2\/media?parent=3577"}],"wp:term":[{"taxonomy":"category","embeddable":true,"href":"https:\/\/www.oftal.org\/alessandria\/wp-json\/wp\/v2\/categories?post=3577"},{"taxonomy":"post_tag","embeddable":true,"href":"https:\/\/www.oftal.org\/alessandria\/wp-json\/wp\/v2\/tags?post=3577"}],"curies":[{"name":"wp","href":"https:\/\/api.w.org\/{rel}","templated":true}]}}